{"id":1105,"date":"2023-04-11T09:29:20","date_gmt":"2023-04-11T07:29:20","guid":{"rendered":"https:\/\/terradesign.fr\/?p=1105"},"modified":"2023-04-13T08:06:06","modified_gmt":"2023-04-13T06:06:06","slug":"escaliers","status":"publish","type":"post","link":"https:\/\/terradesign.fr\/index.php\/2023\/04\/11\/escaliers\/","title":{"rendered":"Escaliers"},"content":{"rendered":"\n<p>Terra Design prend en compte trois imp\u00e9ratifs avant de vous proposer de r\u00e9aliser votre escalier :<\/p>\n\n\n\n<ul>\n<li>L&rsquo;aspect final pour que cet \u00e9l\u00e9ment essentiel de votre habitat s&rsquo;inscrive dans l&rsquo;esprit de votre b\u00e2tisse.<\/li>\n\n\n\n<li>Le confort d&rsquo;usage avec des hauteurs et largeurs de marches qui s&rsquo;inscrivent dans la formule de Blondel <\/li>\n\n\n\n<li>L&rsquo;enveloppe de votre budget<\/li>\n<\/ul>\n\n\n\n<p><\/p>\n\n\n<style>\/*! elementor - v3.10.1 - 26-01-2023 *\/<br \/>\n.elementor-widget-image{text-align:center}.elementor-widget-image a{display:inline-block}.elementor-widget-image a img[src$=\".svg\"]{width:48px}.elementor-widget-image img{vertical-align:middle;display:inline-block}<\/style>\n<p>\t\t\t\t\t\t\t\t\t\t\t\t<img decoding=\"async\" src=\"https:\/\/terradesign.fr\/wp-content\/uploads\/elementor\/thumbs\/Vignette-Escalier-6-q4ugzmp800du7uq844qqyid7yd0mykt9uwhi16nbcw.jpg\" title=\"Vignette-Escalier-6\" alt=\"Escalier \u00e0 marches balanc\u00e9es rampe m\u00e9tallique\" loading=\"lazy\"><br>\n<img decoding=\"async\" src=\"https:\/\/terradesign.fr\/wp-content\/uploads\/elementor\/thumbs\/Vignette-Escalier-4-q4ugzg4co64tykzs6jwcz20zsnx2gp35hzx34xilts.jpg\" title=\"Vignette-Escalier-4\" alt=\"Vignette-Escalier-4\" loading=\"lazy\"><br>\n<img decoding=\"async\" src=\"https:\/\/terradesign.fr\/wp-content\/uploads\/elementor\/thumbs\/Vignette-Escalier-7-q4ugzokwdogev2nht5k03hw554rddz0qj5sggf629s.jpg\" title=\"Vignette-Escalier-7\" alt=\"Vignette-Escalier-7\" loading=\"lazy\"><br>\n<img decoding=\"async\" width=\"683\" height=\"1024\" src=\"https:\/\/terradesign.fr\/wp-content\/uploads\/2023\/04\/Vignette-Escalier-5-683x1024.jpg\" alt=\"\" loading=\"lazy\" srcset=\"https:\/\/terradesign.fr\/wp-content\/uploads\/2023\/04\/Vignette-Escalier-5-683x1024.jpg 683w, https:\/\/terradesign.fr\/wp-content\/uploads\/2023\/04\/Vignette-Escalier-5-200x300.jpg 200w, https:\/\/terradesign.fr\/wp-content\/uploads\/2023\/04\/Vignette-Escalier-5-768x1152.jpg 768w, https:\/\/terradesign.fr\/wp-content\/uploads\/2023\/04\/Vignette-Escalier-5.jpg 800w\" sizes=\"(max-width: 683px) 100vw, 683px\"><\/p>","protected":false},"excerpt":{"rendered":"<p>Terra Design prend en compte trois imp\u00e9ratifs avant de vous proposer de r\u00e9aliser votre escalier :<\/p>\n","protected":false},"author":1,"featured_media":1107,"comment_status":"closed","ping_status":"closed","sticky":false,"template":"","format":"standard","meta":[],"categories":[51,25,52,21],"tags":[49,48,50],"_links":{"self":[{"href":"https:\/\/terradesign.fr\/index.php\/wp-json\/wp\/v2\/posts\/1105"}],"collection":[{"href":"https:\/\/terradesign.fr\/index.php\/wp-json\/wp\/v2\/posts"}],"about":[{"href":"https:\/\/terradesign.fr\/index.php\/wp-json\/wp\/v2\/types\/post"}],"author":[{"embeddable":true,"href":"https:\/\/terradesign.fr\/index.php\/wp-json\/wp\/v2\/users\/1"}],"replies":[{"embeddable":true,"href":"https:\/\/terradesign.fr\/index.php\/wp-json\/wp\/v2\/comments?post=1105"}],"version-history":[{"count":28,"href":"https:\/\/terradesign.fr\/index.php\/wp-json\/wp\/v2\/posts\/1105\/revisions"}],"predecessor-version":[{"id":1145,"href":"https:\/\/terradesign.fr\/index.php\/wp-json\/wp\/v2\/posts\/1105\/revisions\/1145"}],"wp:featuredmedia":[{"embeddable":true,"href":"https:\/\/terradesign.fr\/index.php\/wp-json\/wp\/v2\/media\/1107"}],"wp:attachment":[{"href":"https:\/\/terradesign.fr\/index.php\/wp-json\/wp\/v2\/media?parent=1105"}],"wp:term":[{"taxonomy":"category","embeddable":true,"href":"https:\/\/terradesign.fr\/index.php\/wp-json\/wp\/v2\/categories?post=1105"},{"taxonomy":"post_tag","embeddable":true,"href":"https:\/\/terradesign.fr\/index.php\/wp-json\/wp\/v2\/tags?post=1105"}],"curies":[{"name":"wp","href":"https:\/\/api.w.org\/{rel}","templated":true}]}}